{"id":41126,"date":"2026-01-23T10:24:31","date_gmt":"2026-01-23T10:24:31","guid":{"rendered":"https:\/\/blog.ghthotels.com\/?p=41126"},"modified":"2026-01-23T11:03:53","modified_gmt":"2026-01-23T11:03:53","slug":"decouvrez-les-ermitages-de-la-costa-brava-2-3-2-3-2-2-2-2-2-2-2-2-2","status":"publish","type":"post","link":"https:\/\/blog.ghthotels.com\/fr\/decouvrez-les-ermitages-de-la-costa-brava-2-3-2-3-2-2-2-2-2-2-2-2-2\/","title":{"rendered":"Rally Lloret de Mar 2026 : vitesse, \u00e9motion et adr\u00e9naline en pleine Costa Brava"},"content":{"rendered":"<p>[vc_row 1=\u00a0\u00bb0px\u00a0\u00bb 2=\u00a0\u00bb!important;margin-bottom:\u00a0\u00bb 3=\u00a0\u00bb0px\u00a0\u00bb 4=\u00a0\u00bb!important;margin-left:\u00a0\u00bb 5=\u00a0\u00bb0px\u00a0\u00bb 6=\u00a0\u00bb!im\u00a0\u00bb 7=\u00a0\u00bb\u00a0\u00bb 8=\u00a0\u00bbstyle=\u00ab\u00a0font-weight:\u00a0\u00bb 9=\u00a0\u00bb400;\u00ab\u00a0&gt;Hoy\u00a0\u00bb 10=\u00a0\u00bbte\u00a0\u00bb 11=\u00a0\u00bbhablamos\u00a0\u00bb 12=\u00a0\u00bbde\u00a0\u00bb 13=\u00a0\u00bbuna\u00a0\u00bb 14=\u00a0\u00bbde\u00a0\u00bb 15=\u00a0\u00bblas\u00a0\u00bb 16=\u00a0\u00bbtorres\u00a0\u00bb 17=\u00a0\u00bbdefensivas\u00a0\u00bb 18=\u00a0\u00bbque\u00a0\u00bb 19=\u00a0\u00bbhay\u00a0\u00bb 20=\u00a0\u00bben\u00a0\u00bb 21=\u00a0\u00bbla\u00a0\u00bb 22=\u00a0\u00bbCosta\u00a0\u00bb 23=\u00a0\u00bbBrava,\u00a0\u00bb 24=\u00a0\u00bbla\u00a0\u00bb 25=\u00a0\u00bbTorre\u00a0\u00bb 26=\u00a0\u00bbde\u00a0\u00bb 27=\u00a0\u00bbMontg\u00f3.\u00a0\u00bb 28=\u00a0\u00bbSigue\u00a0\u00bb 29=\u00a0\u00bbleyendo\u00a0\u00bb 30=\u00a0\u00bby\u00a0\u00bb 31=\u00a0\u00bbdescubre\u00a0\u00bb 32=\u00a0\u00bbuna\u00a0\u00bb 33=\u00a0\u00bbconstrucci\u00f3n\u00a0\u00bb 34=\u00a0\u00bbubicada\u00a0\u00bb 35=\u00a0\u00bben\u00a0\u00bb 36=\u00a0\u00bbun\u00a0\u00bb 37=\u00a0\u00bb<b>excelente\u00a0\u00bb 38=\u00a0\u00bb\u00a0\u00bb 39=\u00a0\u00bbstyle=\u00ab\u00a0font-weight:\u00a0\u00bb 40=\u00a0\u00bb400;\u00ab\u00a0&gt;\u00a0\u00bb 41=\u00a0\u00bb\u00a1Toma\u00a0\u00bb 42=\u00a0\u00bbnota!\u00a0\u00bb 43=\u00a0\u00bb`{`\/vc_column_text\u00a0\u00bb][\/vc_row][vc_row css=\u00a0\u00bb.vc_custom_1457788581707{margin-right: 0px !important;margin-bottom: 0px !important;margin-left: 0px !important;}\u00a0\u00bb][vc_column css=\u00a0\u00bb.vc_custom_1457789015745{padding-top: 33px !important;padding-right: 42px !important;}\u00a0\u00bb][vc_column_text]<span style=\"font-weight: 400;\">Chaque mois de f\u00e9vrier, la Costa Brava fait battre le c\u0153ur des passionn\u00e9s de sport automobile. La 13e \u00e9dition du Rally Lloret de Mar se tiendra du 6 au 8 f\u00e9vrier 2026, s\u2019imposant comme un rendez-vous incontournable du calendrier automobile national et une attraction dynamique pour les visiteurs comme pour les habitants. <\/span>[\/vc_column_text][vc_column_text]<\/p>\n<h2><strong>L\u2019essentiel : de quoi s\u2019agit-il et quand a-t-il lieu<\/strong><\/h2>\n<p><span style=\"font-weight: 400;\">Ce grand classique du sport automobile r\u00e9unit \u00e9quipes et pilotes le temps d\u2019un week-end plac\u00e9 sous le signe de l\u2019\u00e9motion et de la comp\u00e9tition. Le rallye se d\u00e9roule sur trois jours d\u2019activit\u00e9, durant lesquels le rugissement des moteurs, l\u2019odeur des pneus et la ma\u00eetrise des pilotes et copilotes envahissent les routes et la station baln\u00e9aire. <\/span><\/p>\n<h2><\/h2>\n<h2><strong>Moteurs pr\u00eats : un format attractif<\/strong><\/h2>\n<p><span style=\"font-weight: 400;\">L\u2019\u00e9preuve conserve un format alliant vitesse pure et strat\u00e9gie : un shakedown le vendredi apr\u00e8s-midi sur la sp\u00e9ciale de Lloret Blau, o\u00f9 les \u00e9quipes testent et ajustent leurs v\u00e9hicules avant la comp\u00e9tition officielle, suivi de deux journ\u00e9es de rallye avec un parcours chronom\u00e9tr\u00e9 total d\u2019environ 150 km r\u00e9partis sur plusieurs sp\u00e9ciales exigeantes.<\/span><\/p>\n<p><span style=\"font-weight: 400;\">Le samedi 7 f\u00e9vrier, la comp\u00e9tition d\u00e9bute depuis la promenade maritime de Lloret de Mar, avec des sp\u00e9ciales embl\u00e9matiques telles que Tossa-Cadiretes, Els \u00c0ngels ou Santa Pellaia, comprenant des passages \u00e0 diff\u00e9rents moments de la journ\u00e9e ainsi que des \u00e9preuves nocturnes mettant \u00e0 l\u2019\u00e9preuve la dext\u00e9rit\u00e9 des participants.<\/span>[\/vc_column_text][vc_single_image image=\u00a0\u00bb41147&Prime; img_size=\u00a0\u00bblarge\u00a0\u00bb alignment=\u00a0\u00bbcenter\u00a0\u00bb][\/vc_column][\/vc_row][vc_row css=\u00a0\u00bb.vc_custom_1457788581707{margin-right: 0px !important;margin-bottom: 0px !important;margin-left: 0px !important;}\u00a0\u00bb][vc_column css=\u00a0\u00bb.vc_custom_1457789015745{padding-top: 33px !important;padding-right: 42px !important;}\u00a0\u00bb][vc_column_text]<\/p>\n<h2><strong>Un cadre unique : mer et montagne au service du sport automobile<\/strong><\/h2>\n<p><span style=\"font-weight: 400;\">Ce qui distingue le Rally Lloret de Mar, ce n\u2019est pas seulement la comp\u00e9tition, mais aussi son environnement. Le d\u00e9part et l\u2019arriv\u00e9e sur la promenade maritime, avec la M\u00e9diterran\u00e9e en toile de fond, transforment chaque d\u00e9part en une sc\u00e8ne m\u00ealant sport et paysage. Cela en fait non seulement un spectacle pour les amateurs de sport automobile, mais aussi une exp\u00e9rience m\u00e9morable pour ceux qui recherchent une escapade diff\u00e9rente sur la Costa Brava hors saison.  <\/span><\/p>\n<h2><\/h2>\n<h2><strong>Bien plus qu\u2019une course : ambiance, tourisme et communaut\u00e9<\/strong><\/h2>\n<p><span style=\"font-weight: 400;\">Tout au long du week-end du rallye, Lloret de Mar s\u2019anime gr\u00e2ce \u00e0 de nombreuses activit\u00e9s parall\u00e8les. De la zone de parc ferm\u00e9 sur la promenade aux points de ravitaillement et aux espaces am\u00e9nag\u00e9s pour les spectateurs, l\u2019\u00e9v\u00e9nement attire des visiteurs qui associent l\u2019\u00e9motion du rallye \u00e0 des promenades en bord de mer, \u00e0 une gastronomie de qualit\u00e9 et \u00e0 l\u2019offre culturelle et de loisirs de la ville. <\/span><\/p>\n<p><span style=\"font-weight: 400;\">Le Rally Lloret de Mar constitue \u00e9galement un moteur touristique \u00e0 une p\u00e9riode de l\u2019ann\u00e9e o\u00f9 le littoral retrouve son dynamisme sans les foules estivales. Familles, amis et passionn\u00e9s de sport automobile y trouvent le plan id\u00e9al pour profiter d\u2019un week-end diff\u00e9rent entre virages, vitesse et vues sur la mer. <\/span>[\/vc_column_text][vc_single_image image=\u00a0\u00bb41152&Prime; img_size=\u00a0\u00bbfull\u00a0\u00bb alignment=\u00a0\u00bbcenter\u00a0\u00bb][vc_column_text]<\/p>\n<h2><strong>Une tradition en pleine croissance<\/strong><\/h2>\n<p><span style=\"font-weight: 400;\">\u00c0 chaque \u00e9dition, le Rally Lloret de Mar renforce son rayonnement national et international, attirant pilotes et \u00e9quipes qui trouvent sur la Costa Brava un cadre id\u00e9al pour concourir et vivre pleinement leur passion pour le sport automobile.<\/span><\/p>\n<h2><\/h2>\n<p><span style=\"font-weight: 400;\">Si la vitesse, le spectacle sur roues ou l\u2019envie de vivre un week-end riche en adr\u00e9naline et en ambiance festive au bord de la M\u00e9diterran\u00e9e vous s\u00e9duisent, notez les dates du 6 au 8 f\u00e9vrier 2026 et ne manquez pas l\u2019occasion d\u2019assister \u00e0 l\u2019un des grands rendez-vous du sport automobile en Espagne.<\/span>[\/vc_column_text][\/vc_column][\/vc_row][vc_row css=\u00a0\u00bb.vc_custom_1457788581707{margin-right: 0px !important;margin-bottom: 0px !important;margin-left: 0px !important;}\u00a0\u00bb][vc_column css=\u00a0\u00bb.vc_custom_1457789015745{padding-top: 33px !important;padding-right: 42px !important;}\u00a0\u00bb][\/vc_column][\/vc_row]<\/p>\n","protected":false},"excerpt":{"rendered":"<p><span id=\"docs-internal-guid-89128714-7fff-d341-c285-9983b47eb5b2\"><span style=\"font-size: 11pt; font-family: Arial, sans-serif; color: #000000; background-color: transparent; font-variant-numeric: normal; font-variant-east-asian: normal; font-variant-alternates: normal; font-variant-position: normal; font-variant-emoji: normal; vertical-align: baseline; white-space-collapse: preserve;\">Chaque mois de f\u00e9vrier, la Costa Brava fait battre le c\u0153ur des passionn\u00e9s de sport automobile. La 13e \u00e9dition du Rally Lloret de Mar se tiendra du 6 au 8 f\u00e9vrier 2026, s\u2019imposant comme un rendez-vous incontournable du calendrier automobile national et une attraction dynamique pour les visiteurs comme pour les habitants. <\/span><\/span><\/p>\n","protected":false},"author":2,"featured_media":41139,"comment_status":"closed","ping_status":"closed","sticky":false,"template":"","format":"standard","meta":{"footnotes":""},"categories":[139],"tags":[],"class_list":["post-41126","post","type-post","status-publish","format-standard","has-post-thumbnail","hentry","category-a-voir-sur-la-costa-brava"],"_links":{"self":[{"href":"https:\/\/blog.ghthotels.com\/fr\/wp-json\/wp\/v2\/posts\/41126","targetHints":{"allow":["GET"]}}],"collection":[{"href":"https:\/\/blog.ghthotels.com\/fr\/wp-json\/wp\/v2\/posts"}],"about":[{"href":"https:\/\/blog.ghthotels.com\/fr\/wp-json\/wp\/v2\/types\/post"}],"author":[{"embeddable":true,"href":"https:\/\/blog.ghthotels.com\/fr\/wp-json\/wp\/v2\/users\/2"}],"replies":[{"embeddable":true,"href":"https:\/\/blog.ghthotels.com\/fr\/wp-json\/wp\/v2\/comments?post=41126"}],"version-history":[{"count":7,"href":"https:\/\/blog.ghthotels.com\/fr\/wp-json\/wp\/v2\/posts\/41126\/revisions"}],"predecessor-version":[{"id":41166,"href":"https:\/\/blog.ghthotels.com\/fr\/wp-json\/wp\/v2\/posts\/41126\/revisions\/41166"}],"wp:featuredmedia":[{"embeddable":true,"href":"https:\/\/blog.ghthotels.com\/fr\/wp-json\/wp\/v2\/media\/41139"}],"wp:attachment":[{"href":"https:\/\/blog.ghthotels.com\/fr\/wp-json\/wp\/v2\/media?parent=41126"}],"wp:term":[{"taxonomy":"category","embeddable":true,"href":"https:\/\/blog.ghthotels.com\/fr\/wp-json\/wp\/v2\/categories?post=41126"},{"taxonomy":"post_tag","embeddable":true,"href":"https:\/\/blog.ghthotels.com\/fr\/wp-json\/wp\/v2\/tags?post=41126"}],"curies":[{"name":"wp","href":"https:\/\/api.w.org\/{rel}","templated":true}]}}