{"id":40809,"date":"2025-10-15T08:32:02","date_gmt":"2025-10-15T08:32:02","guid":{"rendered":"https:\/\/blog.ghthotels.com\/?p=40809"},"modified":"2025-10-15T08:47:57","modified_gmt":"2025-10-15T08:47:57","slug":"decouvrez-les-ermitages-de-la-costa-brava-2-3-2-3-2-2-2","status":"publish","type":"post","link":"https:\/\/blog.ghthotels.com\/fr\/decouvrez-les-ermitages-de-la-costa-brava-2-3-2-3-2-2-2\/","title":{"rendered":"Festival du Cin\u00e9ma de Girona 2025 : \u00e9motion, d\u00e9couvertes et mar en toile de fond"},"content":{"rendered":"<p>[vc_row 1=\u00a0\u00bb0px\u00a0\u00bb 2=\u00a0\u00bb!important;margin-bottom:\u00a0\u00bb 3=\u00a0\u00bb0px\u00a0\u00bb 4=\u00a0\u00bb!important;margin-left:\u00a0\u00bb 5=\u00a0\u00bb0px\u00a0\u00bb 6=\u00a0\u00bb!im\u00a0\u00bb 7=\u00a0\u00bb\u00a0\u00bb 8=\u00a0\u00bbstyle=\u00ab\u00a0font-weight:\u00a0\u00bb 9=\u00a0\u00bb400;\u00ab\u00a0&gt;Hoy\u00a0\u00bb 10=\u00a0\u00bbte\u00a0\u00bb 11=\u00a0\u00bbhablamos\u00a0\u00bb 12=\u00a0\u00bbde\u00a0\u00bb 13=\u00a0\u00bbuna\u00a0\u00bb 14=\u00a0\u00bbde\u00a0\u00bb 15=\u00a0\u00bblas\u00a0\u00bb 16=\u00a0\u00bbtorres\u00a0\u00bb 17=\u00a0\u00bbdefensivas\u00a0\u00bb 18=\u00a0\u00bbque\u00a0\u00bb 19=\u00a0\u00bbhay\u00a0\u00bb 20=\u00a0\u00bben\u00a0\u00bb 21=\u00a0\u00bbla\u00a0\u00bb 22=\u00a0\u00bbCosta\u00a0\u00bb 23=\u00a0\u00bbBrava,\u00a0\u00bb 24=\u00a0\u00bbla\u00a0\u00bb 25=\u00a0\u00bbTorre\u00a0\u00bb 26=\u00a0\u00bbde\u00a0\u00bb 27=\u00a0\u00bbMontg\u00f3.\u00a0\u00bb 28=\u00a0\u00bbSigue\u00a0\u00bb 29=\u00a0\u00bbleyendo\u00a0\u00bb 30=\u00a0\u00bby\u00a0\u00bb 31=\u00a0\u00bbdescubre\u00a0\u00bb 32=\u00a0\u00bbuna\u00a0\u00bb 33=\u00a0\u00bbconstrucci\u00f3n\u00a0\u00bb 34=\u00a0\u00bbubicada\u00a0\u00bb 35=\u00a0\u00bben\u00a0\u00bb 36=\u00a0\u00bbun\u00a0\u00bb 37=\u00a0\u00bb<b>excelente\u00a0\u00bb 38=\u00a0\u00bb\u00a0\u00bb 39=\u00a0\u00bbstyle=\u00ab\u00a0font-weight:\u00a0\u00bb 40=\u00a0\u00bb400;\u00ab\u00a0&gt;\u00a0\u00bb 41=\u00a0\u00bb\u00a1Toma\u00a0\u00bb 42=\u00a0\u00bbnota!\u00a0\u00bb 43=\u00a0\u00bb`{`\/vc_column_text\u00a0\u00bb][\/vc_row][vc_row css=\u00a0\u00bb.vc_custom_1457788581707{margin-right: 0px !important;margin-bottom: 0px !important;margin-left: 0px !important;}\u00a0\u00bb][vc_column css=\u00a0\u00bb.vc_custom_1457789015745{padding-top: 33px !important;padding-right: 42px !important;}\u00a0\u00bb][vc_column_text]<span style=\"font-weight: 400;\">Chaque mois de novembre, Girona se transforme en un \u00e9cran de r\u00eaves. Du 3 au 7 novembre 2025, le Festival du Cin\u00e9ma de Girona invite cin\u00e9philes et curieux \u00e0 plonger dans des histoires qui \u00e9meuvent, inspirent et font r\u00e9fl\u00e9chir. <\/span>[\/vc_column_text][vc_column_text]<\/p>\n<h2><strong>Une vitrine pour le talent<\/strong><\/h2>\n<h2><\/h2>\n<p><span style=\"font-weight: 400;\">Ce qui rend le Festival de Girona unique, ce n\u2019est pas seulement sa programmation, mais son esprit : une plateforme qui soutient les cin\u00e9astes \u00e9mergents, les propositions originales et les voix qui m\u00e9ritent d\u2019\u00eatre entendues.<\/span><\/p>\n<p><span style=\"font-weight: 400;\">Chaque projection est une invitation \u00e0 regarder au-del\u00e0, \u00e0 explorer des r\u00e9alit\u00e9s que nous ne voyons pas toujours.<\/span>[\/vc_column_text][vc_single_image image=\u00a0\u00bb40829&Prime; img_size=\u00a0\u00bblarge\u00a0\u00bb alignment=\u00a0\u00bbcenter\u00a0\u00bb][\/vc_column][\/vc_row][vc_row css=\u00a0\u00bb.vc_custom_1457788581707{margin-right: 0px !important;margin-bottom: 0px !important;margin-left: 0px !important;}\u00a0\u00bb][vc_column css=\u00a0\u00bb.vc_custom_1457789015745{padding-top: 33px !important;padding-right: 42px !important;}\u00a0\u00bb][vc_column_text]<\/p>\n<h2><strong>Pendant ces jours, les rues m\u00e9di\u00e9vales de Girona r\u00e9sonnent d\u2019\u00e9chos de cin\u00e9ma<\/strong><\/h2>\n<h2><\/h2>\n<p><span style=\"font-weight: 400;\">Projections, d\u00e9bats, rencontres avec les r\u00e9alisateurs, discussions et une atmosph\u00e8re vibrante qui transforme chaque coin en sc\u00e8ne culturelle.<\/span><\/p>\n<p><span style=\"font-weight: 400;\">Pour les jours du festival, nous te conseillons de planifier ton emploi du temps : consulte le programme officiel, choisis les projections les plus prometteuses et apporte ton appareil photo ou ton carnet pour capter les d\u00e9tails inspirants. <\/span>[\/vc_column_text][vc_single_image image=\u00a0\u00bb40834&Prime; img_size=\u00a0\u00bbfull\u00a0\u00bb alignment=\u00a0\u00bbcenter\u00a0\u00bb][\/vc_column][\/vc_row][vc_row css=\u00a0\u00bb.vc_custom_1457788581707{margin-right: 0px !important;margin-bottom: 0px !important;margin-left: 0px !important;}\u00a0\u00bb][vc_column css=\u00a0\u00bb.vc_custom_1457789015745{padding-top: 33px !important;padding-right: 42px !important;}\u00a0\u00bb][vc_column_text]<span style=\"font-weight: 400;\">Et bien s\u00fbr, laisse-toi s\u00e9duire par le charme nocturne de Girona : ses ponts illumin\u00e9s, ses ruelles et cette atmosph\u00e8re qui reste grav\u00e9e dans la m\u00e9moire.<\/span><\/p>\n<p>&nbsp;<\/p>\n<p>&nbsp;[\/vc_column_text][\/vc_column][\/vc_row]<\/p>\n","protected":false},"excerpt":{"rendered":"<p dir=\"ltr\" style=\"line-height: 1.3800000000000001; margin-top: 0pt; margin-bottom: 0pt;\"><span id=\"docs-internal-guid-ddf91eec-7fff-275c-ffcf-c458ac4b7857\"><span style=\"font-size: 11pt; font-family: Arial, sans-serif; color: #000000; background-color: transparent; font-variant-numeric: normal; font-variant-east-asian: normal; font-variant-alternates: normal; font-variant-position: normal; font-variant-emoji: normal; vertical-align: baseline; white-space-collapse: preserve;\">Chaque mois de novembre, Girona se transforme en un \u00e9cran de r\u00eaves. Du 3 au 7 novembre 2025, le Festival du Cin\u00e9ma de Girona invite cin\u00e9philes et curieux \u00e0 plonger dans des histoires qui \u00e9meuvent, inspirent et font r\u00e9fl\u00e9chir. <\/span><\/span><\/p>\n","protected":false},"author":2,"featured_media":40822,"comment_status":"closed","ping_status":"closed","sticky":false,"template":"","format":"standard","meta":{"footnotes":""},"categories":[139],"tags":[],"class_list":["post-40809","post","type-post","status-publish","format-standard","has-post-thumbnail","hentry","category-a-voir-sur-la-costa-brava"],"_links":{"self":[{"href":"https:\/\/blog.ghthotels.com\/fr\/wp-json\/wp\/v2\/posts\/40809","targetHints":{"allow":["GET"]}}],"collection":[{"href":"https:\/\/blog.ghthotels.com\/fr\/wp-json\/wp\/v2\/posts"}],"about":[{"href":"https:\/\/blog.ghthotels.com\/fr\/wp-json\/wp\/v2\/types\/post"}],"author":[{"embeddable":true,"href":"https:\/\/blog.ghthotels.com\/fr\/wp-json\/wp\/v2\/users\/2"}],"replies":[{"embeddable":true,"href":"https:\/\/blog.ghthotels.com\/fr\/wp-json\/wp\/v2\/comments?post=40809"}],"version-history":[{"count":10,"href":"https:\/\/blog.ghthotels.com\/fr\/wp-json\/wp\/v2\/posts\/40809\/revisions"}],"predecessor-version":[{"id":40857,"href":"https:\/\/blog.ghthotels.com\/fr\/wp-json\/wp\/v2\/posts\/40809\/revisions\/40857"}],"wp:featuredmedia":[{"embeddable":true,"href":"https:\/\/blog.ghthotels.com\/fr\/wp-json\/wp\/v2\/media\/40822"}],"wp:attachment":[{"href":"https:\/\/blog.ghthotels.com\/fr\/wp-json\/wp\/v2\/media?parent=40809"}],"wp:term":[{"taxonomy":"category","embeddable":true,"href":"https:\/\/blog.ghthotels.com\/fr\/wp-json\/wp\/v2\/categories?post=40809"},{"taxonomy":"post_tag","embeddable":true,"href":"https:\/\/blog.ghthotels.com\/fr\/wp-json\/wp\/v2\/tags?post=40809"}],"curies":[{"name":"wp","href":"https:\/\/api.w.org\/{rel}","templated":true}]}}