{"id":41124,"date":"2026-01-23T10:24:31","date_gmt":"2026-01-23T10:24:31","guid":{"rendered":"https:\/\/blog.ghthotels.com\/?p=41124"},"modified":"2026-01-23T10:44:34","modified_gmt":"2026-01-23T10:44:34","slug":"descobreix-les-ermites-de-la-costa-brava-2-3-2-3-2-2-2-2-2-2-2-2-2","status":"publish","type":"post","link":"https:\/\/blog.ghthotels.com\/ca\/descobreix-les-ermites-de-la-costa-brava-2-3-2-3-2-2-2-2-2-2-2-2-2\/","title":{"rendered":"El Ral\u00b7li Lloret de Mar 2026: velocitat, emoci\u00f3 i adrenalina en plena Costa Brava"},"content":{"rendered":"<p>[vc_row 1=&#8221;0px&#8221; 2=&#8221;!important;margin-bottom:&#8221; 3=&#8221;0px&#8221; 4=&#8221;!important;margin-left:&#8221; 5=&#8221;0px&#8221; 6=&#8221;!im&#8221; 7=&#8221;&#8221; 8=&#8221;style=&#8220;font-weight:&#8221; 9=&#8221;400;&#8220;&gt;Hoy&#8221; 10=&#8221;te&#8221; 11=&#8221;hablamos&#8221; 12=&#8221;de&#8221; 13=&#8221;una&#8221; 14=&#8221;de&#8221; 15=&#8221;las&#8221; 16=&#8221;torres&#8221; 17=&#8221;defensivas&#8221; 18=&#8221;que&#8221; 19=&#8221;hay&#8221; 20=&#8221;en&#8221; 21=&#8221;la&#8221; 22=&#8221;Costa&#8221; 23=&#8221;Brava,&#8221; 24=&#8221;la&#8221; 25=&#8221;Torre&#8221; 26=&#8221;de&#8221; 27=&#8221;Montg\u00f3.&#8221; 28=&#8221;Sigue&#8221; 29=&#8221;leyendo&#8221; 30=&#8221;y&#8221; 31=&#8221;descubre&#8221; 32=&#8221;una&#8221; 33=&#8221;construcci\u00f3n&#8221; 34=&#8221;ubicada&#8221; 35=&#8221;en&#8221; 36=&#8221;un&#8221; 37=&#8221;<b>excelente&#8221; 38=&#8221;&#8221; 39=&#8221;style=&#8220;font-weight:&#8221; 40=&#8221;400;&#8220;&gt;&#8221; 41=&#8221;\u00a1Toma&#8221; 42=&#8221;nota!&#8221; 43=&#8221;`{`\/vc_column_text&#8221;][\/vc_row][vc_row css=&#8221;.vc_custom_1457788581707{margin-right: 0px !important;margin-bottom: 0px !important;margin-left: 0px !important;}&#8221;][vc_column css=&#8221;.vc_custom_1457789015745{padding-top: 33px !important;padding-right: 42px !important;}&#8221;][vc_column_text]<span style=\"font-weight: 400;\">Cada febrer, la Costa Brava accelera el pols dels amants del motor. La 13a edici\u00f3 del Ral\u00b7li Lloret de Mar se celebrar\u00e0 del 6 al 8 de febrer de 2026, consolidant-se com una cita imprescindible del calendari automobil\u00edstic nacional i un reclam vibrant tant per a visitants com per a residents. <\/span>[\/vc_column_text][vc_column_text]<\/p>\n<h2><strong>L\u2019essencial: qu\u00e8 \u00e9s i quan se celebra<\/strong><\/h2>\n<p><span style=\"font-weight: 400;\">Aquest cl\u00e0ssic del motor reuneix equips i pilots en un cap de setmana ple d\u2019emoci\u00f3 i competici\u00f3. El ral\u00b7li consta de tres dies d\u2019activitat durant els quals el rugit dels motors, l\u2019olor de pneum\u00e0tic i l\u2019habilitat de pilots i copilots s\u2019apoderen de les carreteres i de la localitat costanera. <\/span><\/p>\n<h2><\/h2>\n<h2><strong>Motors a punt: un format atractiu<\/strong><\/h2>\n<p><span style=\"font-weight: 400;\">La prova mant\u00e9 un format que combina velocitat pura i estrat\u00e8gia: un shakedown el divendres a la tarda al tram de Lloret Blau, on els equips proven i ajusten els vehicles abans de la competici\u00f3 oficial, seguit de dues jornades de ral\u00b7li amb un recorregut cronometrat total d\u2019uns 150 km repartits en diversos trams exigents.<\/span><\/p>\n<p><span style=\"font-weight: 400;\">El dissabte 7 de febrer s\u2019inicia la competici\u00f3 des del Passeig Mar\u00edtim de Lloret de Mar, amb trams emblem\u00e0tics com Tossa-Cadiretes, Els \u00c0ngels o Santa Pellaia, amb passades en diferents moments del dia i proves nocturnes que posen a prova la destresa dels participants.<\/span>[\/vc_column_text][vc_single_image image=&#8221;41145&#8243; img_size=&#8221;large&#8221; alignment=&#8221;center&#8221;][\/vc_column][\/vc_row][vc_row css=&#8221;.vc_custom_1457788581707{margin-right: 0px !important;margin-bottom: 0px !important;margin-left: 0px !important;}&#8221;][vc_column css=&#8221;.vc_custom_1457789015745{padding-top: 33px !important;padding-right: 42px !important;}&#8221;][vc_column_text]<\/p>\n<h2><strong>Un escenari \u00fanic: mar i muntanya al servei del motor<\/strong><\/h2>\n<p><span style=\"font-weight: 400;\">All\u00f2 que diferencia el Ral\u00b7li Lloret de Mar no \u00e9s nom\u00e9s la competici\u00f3, sin\u00f3 tamb\u00e9 el seu entorn. La sortida i l\u2019arribada al passeig mar\u00edtim, amb el Mediterrani com a tel\u00f3 de fons, converteixen cada sortida en una imatge que combina esport i paisatge. Aix\u00f2 el converteix no nom\u00e9s en un espectacle per als aficionats al motor, sin\u00f3 tamb\u00e9 en una experi\u00e8ncia memorable per a qui busca un pla diferent a la Costa Brava fora de temporada alta.  <\/span><\/p>\n<h2><\/h2>\n<h2><strong>M\u00e9s que una cursa: ambient, turisme i comunitat<\/strong><\/h2>\n<p><span style=\"font-weight: 400;\">Durant el cap de setmana del ral\u00b7li, Lloret de Mar bull d\u2019activitats paral\u00b7leles. Des de la zona de parc ferm\u00e9 al passeig fins als punts d\u2019avituallament i les zones habilitades per a espectadors, l\u2019esdeveniment atrau visitants que combinen l\u2019emoci\u00f3 del ral\u00b7li amb passejades pel litoral, bona gastronomia i l\u2019oferta cultural i d\u2019oci de la localitat. <\/span><\/p>\n<p><span style=\"font-weight: 400;\">El Ral\u00b7li Lloret de Mar tamb\u00e9 serveix com a impuls tur\u00edstic en una \u00e8poca de l\u2019any en qu\u00e8 el litoral recupera activitat sense les multituds d\u2019estiu. Fam\u00edlies, amics i aficionats al motor hi troben el pla perfecte per gaudir d\u2019un cap de setmana diferent entre corbes, velocitat i vistes al mar. <\/span>[\/vc_column_text][vc_single_image image=&#8221;41150&#8243; img_size=&#8221;full&#8221; alignment=&#8221;center&#8221;][vc_column_text]<\/p>\n<h2><strong>Una tradici\u00f3 que creix<\/strong><\/h2>\n<p><span style=\"font-weight: 400;\">Amb cada edici\u00f3, el Ral\u00b7li Lloret de Mar refor\u00e7a la seva projecci\u00f3 nacional i internacional, atraient pilots i equips que troben a la Costa Brava un escenari ideal per competir i viure la seva passi\u00f3 pel motor.<\/span><\/p>\n<h2><\/h2>\n<p><span style=\"font-weight: 400;\">Si t\u2019apassiona la velocitat, l\u2019espectacle sobre rodes o simplement vols viure un cap de setmana amb adrenalina i ambient festiu al costat del Mediterrani, marca al calendari del 6 al 8 de febrer de 2026 i no deixis passar l\u2019oportunitat d\u2019assistir a una de les grans cites del motor a Espanya.<\/span>[\/vc_column_text][\/vc_column][\/vc_row][vc_row css=&#8221;.vc_custom_1457788581707{margin-right: 0px !important;margin-bottom: 0px !important;margin-left: 0px !important;}&#8221;][vc_column css=&#8221;.vc_custom_1457789015745{padding-top: 33px !important;padding-right: 42px !important;}&#8221;][\/vc_column][\/vc_row]<\/p>\n","protected":false},"excerpt":{"rendered":"<p><span id=\"docs-internal-guid-89128714-7fff-d341-c285-9983b47eb5b2\"><span style=\"font-size: 11pt; font-family: Arial, sans-serif; color: #000000; background-color: transparent; font-variant-numeric: normal; font-variant-east-asian: normal; font-variant-alternates: normal; font-variant-position: normal; font-variant-emoji: normal; vertical-align: baseline; white-space-collapse: preserve;\">Cada febrer, la Costa Brava accelera el pols dels amants del motor. La 13a edici\u00f3 del Ral\u00b7li Lloret de Mar se celebrar\u00e0 del 6 al 8 de febrer de 2026, consolidant-se com una cita imprescindible del calendari automobil\u00edstic nacional i un reclam vibrant tant per a visitants com per a residents. <\/span><\/span><\/p>\n","protected":false},"author":2,"featured_media":41137,"comment_status":"closed","ping_status":"closed","sticky":false,"template":"","format":"standard","meta":{"footnotes":""},"categories":[133],"tags":[],"class_list":["post-41124","post","type-post","status-publish","format-standard","has-post-thumbnail","hentry","category-que-veure-a-la-costa-brava"],"_links":{"self":[{"href":"https:\/\/blog.ghthotels.com\/ca\/wp-json\/wp\/v2\/posts\/41124","targetHints":{"allow":["GET"]}}],"collection":[{"href":"https:\/\/blog.ghthotels.com\/ca\/wp-json\/wp\/v2\/posts"}],"about":[{"href":"https:\/\/blog.ghthotels.com\/ca\/wp-json\/wp\/v2\/types\/post"}],"author":[{"embeddable":true,"href":"https:\/\/blog.ghthotels.com\/ca\/wp-json\/wp\/v2\/users\/2"}],"replies":[{"embeddable":true,"href":"https:\/\/blog.ghthotels.com\/ca\/wp-json\/wp\/v2\/comments?post=41124"}],"version-history":[{"count":7,"href":"https:\/\/blog.ghthotels.com\/ca\/wp-json\/wp\/v2\/posts\/41124\/revisions"}],"predecessor-version":[{"id":41158,"href":"https:\/\/blog.ghthotels.com\/ca\/wp-json\/wp\/v2\/posts\/41124\/revisions\/41158"}],"wp:featuredmedia":[{"embeddable":true,"href":"https:\/\/blog.ghthotels.com\/ca\/wp-json\/wp\/v2\/media\/41137"}],"wp:attachment":[{"href":"https:\/\/blog.ghthotels.com\/ca\/wp-json\/wp\/v2\/media?parent=41124"}],"wp:term":[{"taxonomy":"category","embeddable":true,"href":"https:\/\/blog.ghthotels.com\/ca\/wp-json\/wp\/v2\/categories?post=41124"},{"taxonomy":"post_tag","embeddable":true,"href":"https:\/\/blog.ghthotels.com\/ca\/wp-json\/wp\/v2\/tags?post=41124"}],"curies":[{"name":"wp","href":"https:\/\/api.w.org\/{rel}","templated":true}]}}