{"id":40807,"date":"2025-10-15T08:32:02","date_gmt":"2025-10-15T08:32:02","guid":{"rendered":"https:\/\/blog.ghthotels.com\/?p=40807"},"modified":"2025-10-15T08:47:46","modified_gmt":"2025-10-15T08:47:46","slug":"descobreix-les-ermites-de-la-costa-brava-2-3-2-3-2-2-2","status":"publish","type":"post","link":"https:\/\/blog.ghthotels.com\/ca\/descobreix-les-ermites-de-la-costa-brava-2-3-2-3-2-2-2\/","title":{"rendered":"Festival de Cinema de Girona 2025: emoci\u00f3, descobriments i mar de fons"},"content":{"rendered":"<p>[vc_row 1=&#8221;0px&#8221; 2=&#8221;!important;margin-bottom:&#8221; 3=&#8221;0px&#8221; 4=&#8221;!important;margin-left:&#8221; 5=&#8221;0px&#8221; 6=&#8221;!im&#8221; 7=&#8221;&#8221; 8=&#8221;style=&#8220;font-weight:&#8221; 9=&#8221;400;&#8220;&gt;Hoy&#8221; 10=&#8221;te&#8221; 11=&#8221;hablamos&#8221; 12=&#8221;de&#8221; 13=&#8221;una&#8221; 14=&#8221;de&#8221; 15=&#8221;las&#8221; 16=&#8221;torres&#8221; 17=&#8221;defensivas&#8221; 18=&#8221;que&#8221; 19=&#8221;hay&#8221; 20=&#8221;en&#8221; 21=&#8221;la&#8221; 22=&#8221;Costa&#8221; 23=&#8221;Brava,&#8221; 24=&#8221;la&#8221; 25=&#8221;Torre&#8221; 26=&#8221;de&#8221; 27=&#8221;Montg\u00f3.&#8221; 28=&#8221;Sigue&#8221; 29=&#8221;leyendo&#8221; 30=&#8221;y&#8221; 31=&#8221;descubre&#8221; 32=&#8221;una&#8221; 33=&#8221;construcci\u00f3n&#8221; 34=&#8221;ubicada&#8221; 35=&#8221;en&#8221; 36=&#8221;un&#8221; 37=&#8221;<b>excelente&#8221; 38=&#8221;&#8221; 39=&#8221;style=&#8220;font-weight:&#8221; 40=&#8221;400;&#8220;&gt;&#8221; 41=&#8221;\u00a1Toma&#8221; 42=&#8221;nota!&#8221; 43=&#8221;`{`\/vc_column_text&#8221;][\/vc_row][vc_row css=&#8221;.vc_custom_1457788581707{margin-right: 0px !important;margin-bottom: 0px !important;margin-left: 0px !important;}&#8221;][vc_column css=&#8221;.vc_custom_1457789015745{padding-top: 33px !important;padding-right: 42px !important;}&#8221;][vc_column_text]<span style=\"font-weight: 400;\">Cada novembre, Girona es transforma en una pantalla de somnis. Del 3 al 7 de novembre de 2025, el Festival de Cinema de Girona convida cin\u00e8fils i curiosos a submergir-se en hist\u00f2ries que commouen, inspiren i conviden a la reflexi\u00f3. <\/span>[\/vc_column_text][vc_column_text]<\/p>\n<h2><strong>Un aparador per al talent<\/strong><\/h2>\n<h2><\/h2>\n<p><span style=\"font-weight: 400;\">All\u00f2 que fa especial el Festival de Girona no \u00e9s nom\u00e9s la seva programaci\u00f3, sin\u00f3 el seu esperit: una plataforma que aposta per cineastes emergents, propostes diferents i veus que mereixen ser escoltades.<\/span><\/p>\n<p><span style=\"font-weight: 400;\">Cada projecci\u00f3 \u00e9s una invitaci\u00f3 a mirar m\u00e9s enll\u00e0, a explorar realitats que no sempre veiem.<\/span>[\/vc_column_text][vc_single_image image=&#8221;40827&#8243; img_size=&#8221;large&#8221; alignment=&#8221;center&#8221;][\/vc_column][\/vc_row][vc_row css=&#8221;.vc_custom_1457788581707{margin-right: 0px !important;margin-bottom: 0px !important;margin-left: 0px !important;}&#8221;][vc_column css=&#8221;.vc_custom_1457789015745{padding-top: 33px !important;padding-right: 42px !important;}&#8221;][vc_column_text]<\/p>\n<h2><strong>Durant aquells dies, els carrers medievals de Girona s\u2019omplen d\u2019ecos de cinema<\/strong><\/h2>\n<h2><\/h2>\n<p><span style=\"font-weight: 400;\">Projeccions, col\u00b7loquis, trobades amb directors, debats i un ambient vibrant que converteix cada rac\u00f3 en un escenari cultural.<\/span><\/p>\n<p><span style=\"font-weight: 400;\">Per als dies del festival, et recomanem planificar els teus horaris: consulta la programaci\u00f3 oficial, tria les projeccions m\u00e9s suggerents i porta la teva c\u00e0mera o llibreta per capturar detalls que inspiren. <\/span>[\/vc_column_text][vc_single_image image=&#8221;40832&#8243; img_size=&#8221;full&#8221; alignment=&#8221;center&#8221;][\/vc_column][\/vc_row][vc_row css=&#8221;.vc_custom_1457788581707{margin-right: 0px !important;margin-bottom: 0px !important;margin-left: 0px !important;}&#8221;][vc_column css=&#8221;.vc_custom_1457789015745{padding-top: 33px !important;padding-right: 42px !important;}&#8221;][vc_column_text]<span style=\"font-weight: 400;\">I, \u00e9s clar, deixa\u2019t portar per l\u2019encant nocturn de Girona: els seus ponts il\u00b7luminats, els seus carrerons i aquesta atmosfera que queda a la mem\u00f2ria.<\/span><\/p>\n<p>&nbsp;<\/p>\n<p>&nbsp;[\/vc_column_text][\/vc_column][\/vc_row]<\/p>\n","protected":false},"excerpt":{"rendered":"<p dir=\"ltr\" style=\"line-height: 1.3800000000000001; margin-top: 0pt; margin-bottom: 0pt;\"><span id=\"docs-internal-guid-ddf91eec-7fff-275c-ffcf-c458ac4b7857\"><span style=\"font-size: 11pt; font-family: Arial, sans-serif; color: #000000; background-color: transparent; font-variant-numeric: normal; font-variant-east-asian: normal; font-variant-alternates: normal; font-variant-position: normal; font-variant-emoji: normal; vertical-align: baseline; white-space-collapse: preserve;\">Cada novembre, Girona es transforma en una pantalla de somnis. Del 3 al 7 de novembre de 2025, el Festival de Cinema de Girona convida cin\u00e8fils i curiosos a submergir-se en hist\u00f2ries que commouen, inspiren i conviden a la reflexi\u00f3. <\/span><\/span><\/p>\n","protected":false},"author":2,"featured_media":40820,"comment_status":"closed","ping_status":"closed","sticky":false,"template":"","format":"standard","meta":{"footnotes":""},"categories":[133],"tags":[],"class_list":["post-40807","post","type-post","status-publish","format-standard","has-post-thumbnail","hentry","category-que-veure-a-la-costa-brava"],"_links":{"self":[{"href":"https:\/\/blog.ghthotels.com\/ca\/wp-json\/wp\/v2\/posts\/40807","targetHints":{"allow":["GET"]}}],"collection":[{"href":"https:\/\/blog.ghthotels.com\/ca\/wp-json\/wp\/v2\/posts"}],"about":[{"href":"https:\/\/blog.ghthotels.com\/ca\/wp-json\/wp\/v2\/types\/post"}],"author":[{"embeddable":true,"href":"https:\/\/blog.ghthotels.com\/ca\/wp-json\/wp\/v2\/users\/2"}],"replies":[{"embeddable":true,"href":"https:\/\/blog.ghthotels.com\/ca\/wp-json\/wp\/v2\/comments?post=40807"}],"version-history":[{"count":10,"href":"https:\/\/blog.ghthotels.com\/ca\/wp-json\/wp\/v2\/posts\/40807\/revisions"}],"predecessor-version":[{"id":40855,"href":"https:\/\/blog.ghthotels.com\/ca\/wp-json\/wp\/v2\/posts\/40807\/revisions\/40855"}],"wp:featuredmedia":[{"embeddable":true,"href":"https:\/\/blog.ghthotels.com\/ca\/wp-json\/wp\/v2\/media\/40820"}],"wp:attachment":[{"href":"https:\/\/blog.ghthotels.com\/ca\/wp-json\/wp\/v2\/media?parent=40807"}],"wp:term":[{"taxonomy":"category","embeddable":true,"href":"https:\/\/blog.ghthotels.com\/ca\/wp-json\/wp\/v2\/categories?post=40807"},{"taxonomy":"post_tag","embeddable":true,"href":"https:\/\/blog.ghthotels.com\/ca\/wp-json\/wp\/v2\/tags?post=40807"}],"curies":[{"name":"wp","href":"https:\/\/api.w.org\/{rel}","templated":true}]}}