{"id":39781,"date":"2019-12-05T11:34:28","date_gmt":"2019-12-05T11:34:28","guid":{"rendered":"https:\/\/blog.ghthotels.com\/plans-de-nadal-a-la-costa-brava\/"},"modified":"2025-06-02T08:33:31","modified_gmt":"2025-06-02T08:33:31","slug":"plans-de-nadal-a-la-costa-brava","status":"publish","type":"post","link":"https:\/\/blog.ghthotels.com\/ca\/plans-de-nadal-a-la-costa-brava\/","title":{"rendered":"Plans de Nadal a la Costa Brava"},"content":{"rendered":"<p>[vc_row css=&#8221;.vc_custom_1457788581707{margin-right: 0px !important;margin-bottom: 0px !important;margin-left: 0px !important;}&#8221;][vc_column css=&#8221;.vc_custom_1457789015745{padding-top: 33px !important;padding-right: 42px !important;}&#8221;][vc_column_text]<\/p>\n<p style=\"text-align: justify;\">El Nadal est\u00e0 a tocar i, amb ell, arriben les trobades i els plans en fam\u00edlia. Avui et volem proposar algunes activitats per fer a la Costa Brava amb les quals podr\u00e0s gaudir al m\u00e0xim dels teus i de les festes. <\/p>\n<p>[\/vc_column_text][vc_column_text]<\/p>\n<h3><strong><b>Fires i mercats de Nadal<\/b><\/strong><\/h3>\n<p style=\"text-align: justify;\">Un pla ideal per fer en fam\u00edlia \u00e9s visitar un dels mercats o fires de Nadal que se celebren a diferents pobles de la Costa Brava com, per exemple, Tossa de Mar, Sant Feliu de Gu\u00edxols, Sitges o Roses.<\/p>\n<p style=\"text-align: justify;\">Us ho passareu molt b\u00e9 triant adorns nadalencs per a casa i per a l\u2019arbre, comprant alguns regals, escoltant nadales i, si hi ha parades amb productes t\u00edpics, tindreu l\u2019oportunitat de tastar la gastronomia de la zona envoltats d\u2019un ambient m\u00e0gic i festiu.<\/p>\n<p>[\/vc_column_text][vc_single_image image=&#8221;36245&#8243; img_size=&#8221;full&#8221;][\/vc_column][\/vc_row][vc_row css=&#8221;.vc_custom_1457788607747{margin-right: 0px !important;margin-bottom: 0px !important;margin-left: 0px !important;}&#8221;][vc_column css=&#8221;.vc_custom_1575031543900{background-position: center !important;background-repeat: no-repeat !important;background-size: cover !important;}&#8221;][vc_column_text]<\/p>\n<h3 style=\"text-align: justify;\"><strong>Pessebres vivents<\/strong><\/h3>\n<p style=\"text-align: justify;\">A la Costa Brava tenen lloc cada Nadal nombrosos pessebres vivents que s\u00f3n una proposta l\u00fadica i cultural consolidada arreu del territori catal\u00e0.<\/p>\n<p style=\"text-align: justify;\">Una de les representacions m\u00e9s conegudes i que, a m\u00e9s, \u00e9s la m\u00e9s antiga de la comunitat \u00e9s la de Castell d\u2019Aro, que va comen\u00e7ar a fer-se el 1959 impulsada pel rector Gumersind i una fam\u00edlia del poble.<\/p>\n<p style=\"text-align: justify;\">Un altre pessebre que no us podeu perdre \u00e9s el de Pals. \u00c9s un circuit tancat pel recinte g\u00f2tic que es recorre mentre s\u2019observa la cuidada ambientaci\u00f3 i el vestuari de m\u00e9s de cent figurants. <\/p>\n<p style=\"text-align: justify;\">El toc actual el posa enguany el pessebre vivent interactiu de Tossa de Mar. Amb motiu del seu 40\u00e8 aniversari, s\u2019hi unir\u00e0 la tradici\u00f3 i la tecnologia per donar com a resultat un espectacle amb projeccions de mapping, actors i diferents espais esc\u00e8nics a la Vila Vella. <\/p>\n<p>[\/vc_column_text][vc_single_image image=&#8221;36249&#8243; img_size=&#8221;full&#8221;][\/vc_column][\/vc_row][vc_row css=&#8221;.vc_custom_1457788581707{margin-right: 0px !important;margin-bottom: 0px !important;margin-left: 0px !important;}&#8221;][vc_column css=&#8221;.vc_custom_1457789015745{padding-top: 33px !important;padding-right: 42px !important;}&#8221;][vc_column_text]<\/p>\n<h3 style=\"text-align: justify;\"><strong>Natura en fam\u00edlia<\/strong><\/h3>\n<p style=\"text-align: justify;\">Una excursi\u00f3 a un espai natural sempre \u00e9s una bona idea per passar una divertida jornada familiar fent una mica d\u2019exercici.<\/p>\n<p style=\"text-align: justify;\">Et suggerim aprofitar un dia d\u2019aquest mes, quan els nens ja estiguin de vacances, per planificar una ruta per fer amb ells. El Paratge de Tudela, que es troba al nord de la pen\u00ednsula del Cap de Creus, \u00e9s una de les zones on podreu fer una caminada sense complicacions. <\/p>\n<p style=\"text-align: justify;\">Els m\u00e9s petits i tu estareu molt entretinguts descobrint un meravell\u00f3s entorn geol\u00f2gic i vegetal.<\/p>\n<p>[\/vc_column_text][vc_single_image image=&#8221;36253&#8243; img_size=&#8221;full&#8221;][\/vc_column][\/vc_row][vc_row css=&#8221;.vc_custom_1457788607747{margin-right: 0px !important;margin-bottom: 0px !important;margin-left: 0px !important;}&#8221;][vc_column css=&#8221;.vc_custom_1575031456468{padding-bottom: 20px !important;}&#8221; offset=&#8221;vc_col-lg-offset-0&#8243;][vc_column_text]<\/p>\n<h3 style=\"text-align: justify;\"><strong>Una mica de m\u00fasica<\/strong><\/h3>\n<p style=\"text-align: justify;\">La m\u00fasica est\u00e0 especialment present aquests dies festius i \u00e9s una cosa que alegra a grans i petits.<\/p>\n<p style=\"text-align: justify;\">Podreu gaudir dels concerts que se solen celebrar als auditoris o teatres d\u2019alguns municipis de la Costa Brava.<\/p>\n<p style=\"text-align: justify;\">Destaquem el concert de car\u00e0cter ben\u00e8fic que al Teatre Municipal de Roses oferir\u00e0 la Coral Geriona (cor semifinalista al programa \u201cOh Happy Day\u201d l\u2019any 2013) i la Girona Banda Band. Us encantar\u00e0 escoltar les seves veus! <\/p>\n<p>[\/vc_column_text][vc_single_image image=&#8221;36257&#8243; img_size=&#8221;full&#8221;][\/vc_column][\/vc_row][vc_row css=&#8221;.vc_custom_1457788607747{margin-right: 0px !important;margin-bottom: 0px !important;margin-left: 0px !important;}&#8221;][vc_column css=&#8221;.vc_custom_1575031456468{padding-bottom: 20px !important;}&#8221; offset=&#8221;vc_col-lg-offset-0&#8243;][vc_column_text]<\/p>\n<h3 style=\"text-align: justify;\"><strong>Decorant junts<\/strong><\/h3>\n<p style=\"text-align: justify;\">El Jard\u00ed Bot\u00e0nic Marimurtra de Blanes est\u00e0 considerat el millor jard\u00ed bot\u00e0nic mediterrani d\u2019Europa i \u00e9s aqu\u00ed on podr\u00e0s assistir amb la teva fam\u00edlia a un taller de decoraci\u00f3 nadalenca.<\/p>\n<p style=\"text-align: justify;\">Dues hores inspiradores i molt creatives per donar curs a la imaginaci\u00f3 i crear objectes decoratius de Nadal utilitzant elements naturals del jard\u00ed.<\/p>\n<p style=\"text-align: justify;\">Obtingues m\u00e9s informaci\u00f3 entrant a la web del Jard\u00ed Bot\u00e0nic Marimurtra.<\/p>\n<p>[\/vc_column_text][vc_single_image image=&#8221;36261&#8243; img_size=&#8221;full&#8221;][\/vc_column][\/vc_row][vc_row css=&#8221;.vc_custom_1457788607747{margin-right: 0px !important;margin-bottom: 0px !important;margin-left: 0px !important;}&#8221;][vc_column css=&#8221;.vc_custom_1531903590791{background-position: center !important;background-repeat: no-repeat !important;background-size: cover !important;}&#8221;][vc_column_text]<\/p>\n<p style=\"text-align: justify;\">Desitgem que passis uns dies inoblidables en fam\u00edlia i que, sobretot, et deixis portar per la m\u00e0gia del Nadal.<\/p>\n<p>[\/vc_column_text][\/vc_column][\/vc_row]<\/p>\n","protected":false},"excerpt":{"rendered":"<p>El Nadal est\u00e0 a tocar i, amb ell, arriben les trobades i els plans en fam\u00edlia. Avui et volem proposar algunes activitats per fer a la Costa Brava amb les quals podr\u00e0s gaudir al m\u00e0xim dels teus i de les festes. <\/p>\n","protected":false},"author":1,"featured_media":36265,"comment_status":"closed","ping_status":"closed","sticky":false,"template":"","format":"standard","meta":{"footnotes":""},"categories":[131],"tags":[],"class_list":["post-39781","post","type-post","status-publish","format-standard","has-post-thumbnail","hentry","category-sense-categoria"],"_links":{"self":[{"href":"https:\/\/blog.ghthotels.com\/ca\/wp-json\/wp\/v2\/posts\/39781","targetHints":{"allow":["GET"]}}],"collection":[{"href":"https:\/\/blog.ghthotels.com\/ca\/wp-json\/wp\/v2\/posts"}],"about":[{"href":"https:\/\/blog.ghthotels.com\/ca\/wp-json\/wp\/v2\/types\/post"}],"author":[{"embeddable":true,"href":"https:\/\/blog.ghthotels.com\/ca\/wp-json\/wp\/v2\/users\/1"}],"replies":[{"embeddable":true,"href":"https:\/\/blog.ghthotels.com\/ca\/wp-json\/wp\/v2\/comments?post=39781"}],"version-history":[{"count":18,"href":"https:\/\/blog.ghthotels.com\/ca\/wp-json\/wp\/v2\/posts\/39781\/revisions"}],"predecessor-version":[{"id":40139,"href":"https:\/\/blog.ghthotels.com\/ca\/wp-json\/wp\/v2\/posts\/39781\/revisions\/40139"}],"wp:featuredmedia":[{"embeddable":true,"href":"https:\/\/blog.ghthotels.com\/ca\/wp-json\/wp\/v2\/media\/36265"}],"wp:attachment":[{"href":"https:\/\/blog.ghthotels.com\/ca\/wp-json\/wp\/v2\/media?parent=39781"}],"wp:term":[{"taxonomy":"category","embeddable":true,"href":"https:\/\/blog.ghthotels.com\/ca\/wp-json\/wp\/v2\/categories?post=39781"},{"taxonomy":"post_tag","embeddable":true,"href":"https:\/\/blog.ghthotels.com\/ca\/wp-json\/wp\/v2\/tags?post=39781"}],"curies":[{"name":"wp","href":"https:\/\/api.w.org\/{rel}","templated":true}]}}