{"id":39761,"date":"2019-07-25T14:08:26","date_gmt":"2019-07-25T14:08:26","guid":{"rendered":"https:\/\/blog.ghthotels.com\/les-millors-cales-de-la-costa-brava\/"},"modified":"2025-04-08T10:24:24","modified_gmt":"2025-04-08T10:24:24","slug":"les-millors-cales-de-la-costa-brava","status":"publish","type":"post","link":"https:\/\/blog.ghthotels.com\/ca\/les-millors-cales-de-la-costa-brava\/","title":{"rendered":"Les millors cales de la Costa Brava"},"content":{"rendered":"<p>[vc_row css=&#8221;.vc_custom_1457788607747{margin-right: 0px !important;margin-bottom: 0px !important;margin-left: 0px !important;}&#8221;][vc_column css=&#8221;.vc_custom_1531903590791{background-position: center !important;background-repeat: no-repeat !important;background-size: cover !important;}&#8221;][vc_column_text]<em>Descobreix les millors cales de la Costa Brava per relaxar-te aquest estiu. Petites badies paradis\u00edaques on s\u2019endinsa el mar, tot un tresor natural. Pren nota!  <\/em>[\/vc_column_text][\/vc_column][\/vc_row][vc_row css=&#8221;.vc_custom_1457788607747{margin-right: 0px !important;margin-bottom: 0px !important;margin-left: 0px !important;}&#8221;][vc_column css=&#8221;.vc_custom_1531903590791{background-position: center !important;background-repeat: no-repeat !important;background-size: cover !important;}&#8221;][vc_column_text]<\/p>\n<h3 style=\"text-align: justify;\"><strong>El Cami de Ronda.<\/strong><\/h3>\n<p style=\"text-align: justify;\">Antigament, el Cam\u00ed de Ronda era recorregut pels carabiners amb l\u2019objectiu de controlar qualsevol tipus de contraban. No \u00e9s d\u2019estranyar. Aquest cam\u00ed ressegueix pr\u00e0cticament tot el litoral giron\u00ed, senyalitzat amb una ratlla vermella sobre una de blanca, i ens permet desembocar a tot tipus de cales per a tots els gustos. <\/p>\n<p>[\/vc_column_text][vc_empty_space][vc_single_image image=&#8221;35813&#8243; img_size=&#8221;large&#8221; alignment=&#8221;center&#8221;][\/vc_column][\/vc_row][vc_row css=&#8221;.vc_custom_1457788607747{margin-right: 0px !important;margin-bottom: 0px !important;margin-left: 0px !important;}&#8221;][vc_column css=&#8221;.vc_custom_1531903590791{background-position: center !important;background-repeat: no-repeat !important;background-size: cover !important;}&#8221;][vc_column_text]<\/p>\n<h3 style=\"text-align: justify;\">Cala Bona<\/h3>\n<p style=\"text-align: justify;\">Tonalitat de pell, edat o temps que la pell est\u00e0 exposada al sol, la crema solar \u00e9s imprescindible!<br \/>\nI no nom\u00e9s l\u2019hem d\u2019aplicar quan anem a la platja, sin\u00f3 tamb\u00e9 quan sortim a passejar o fem exercici a l\u2019aire lliure. La crema solar hauria de ser un b\u00e0sic i fidel companya durant l\u2019estiu. <\/p>\n<p>[\/vc_column_text][vc_empty_space][vc_single_image image=&#8221;35893&#8243; img_size=&#8221;large&#8221; alignment=&#8221;center&#8221;][\/vc_column][\/vc_row][vc_row css=&#8221;.vc_custom_1457788607747{margin-right: 0px !important;margin-bottom: 0px !important;margin-left: 0px !important;}&#8221;][vc_column css=&#8221;.vc_custom_1531903590791{background-position: center !important;background-repeat: no-repeat !important;background-size: cover !important;}&#8221;][vc_column_text]<\/p>\n<h3 style=\"text-align: justify;\">Cala del Senyor Ramon<\/h3>\n<p style=\"text-align: justify;\">Entre Tossa de Mar i Sant Feliu de Gu\u00edxols es troba aquesta preciosa cala coneguda com \u201cla Corcollada\u201d. T\u00e9 uns 350 metres de longitud i est\u00e0 considerada una de les cales m\u00e9s boniques de la Costa Brava. La seva sorra fina i l\u2019aigua turquesa t\u2019enamoraran des del primer moment. \u00c9s la cala m\u00e9s salvatge, \u00edntima i ex\u00f2tica del litoral.   <\/p>\n<p>[\/vc_column_text][vc_empty_space][vc_single_image image=&#8221;35897&#8243; img_size=&#8221;large&#8221; alignment=&#8221;center&#8221;][\/vc_column][\/vc_row][vc_row css=&#8221;.vc_custom_1457788607747{margin-right: 0px !important;margin-bottom: 0px !important;margin-left: 0px !important;}&#8221;][vc_column css=&#8221;.vc_custom_1531903590791{background-position: center !important;background-repeat: no-repeat !important;background-size: cover !important;}&#8221;][vc_column_text]<\/p>\n<h3 style=\"text-align: justify;\">Cala Sa Conca.<\/h3>\n<p style=\"text-align: justify;\">\u00c9s una cala ideal per anar-hi en fam\u00edlia, sobretot amb nens! Es troba a poca dist\u00e0ncia de Platja d\u2019Aro i tocant a S\u2019Agar\u00f3. Hi podr\u00e0s gaudir d\u2019aparcament, quiosquet per menjar-hi alguna cosa, dutxes i lavabos.  <\/p>\n<p>[\/vc_column_text][vc_empty_space][vc_single_image image=&#8221;35901&#8243; img_size=&#8221;large&#8221; alignment=&#8221;center&#8221;][\/vc_column][\/vc_row][vc_row css=&#8221;.vc_custom_1457788607747{margin-right: 0px !important;margin-bottom: 0px !important;margin-left: 0px !important;}&#8221;][vc_column css=&#8221;.vc_custom_1531903590791{background-position: center !important;background-repeat: no-repeat !important;background-size: cover !important;}&#8221;][vc_column_text]<\/p>\n<h3 style=\"text-align: justify;\">Cala Montg\u00f3 i Cova de la Sal.<\/h3>\n<p style=\"text-align: justify;\">Apta per als m\u00e9s aventurers, el millor \u00e9s que exploris aquesta cala en caiac! La sortida es troba a cala Montg\u00f3 i haur\u00e0s de remar fins a la Cova de la Sal, a l\u2019Escala. No pateixis, pots llogar un caiac des del punt de partida i rec\u00f3rrer 2 quil\u00f2metres cap al sud per arribar al teu dest\u00ed. El rac\u00f3 de pau que hi trobar\u00e0s no t\u00e9 preu.   <\/p>\n<p>[\/vc_column_text][vc_empty_space][vc_single_image image=&#8221;35905&#8243; img_size=&#8221;large&#8221; alignment=&#8221;center&#8221;][\/vc_column][\/vc_row][vc_row css=&#8221;.vc_custom_1457788607747{margin-right: 0px !important;margin-bottom: 0px !important;margin-left: 0px !important;}&#8221;][vc_column css=&#8221;.vc_custom_1531903590791{background-position: center !important;background-repeat: no-repeat !important;background-size: cover !important;}&#8221;][vc_column_text]<\/p>\n<h3 style=\"text-align: justify;\">Cala Aiguablava.<\/h3>\n<p style=\"text-align: justify;\">La cala Aiguablava \u00e9s la preferida dels amants del xiringuito! A m\u00e9s d\u2019encant, compta amb un bar de platja a primera l\u00ednia de mar que, antigament, havia estat una barraca de pescadors, tot un descobriment! <\/p>\n<p>[\/vc_column_text][vc_empty_space][vc_single_image image=&#8221;35909&#8243; img_size=&#8221;large&#8221; alignment=&#8221;center&#8221;][\/vc_column][\/vc_row]<\/p>\n","protected":false},"excerpt":{"rendered":"<p>Descobreix les millors cales de la Costa Brava per relaxar-te aquest estiu. Petites badies paradis\u00edaques on s\u2019endinsa el mar, tot un tresor natural. Pren nota!  <\/p>\n","protected":false},"author":1,"featured_media":35917,"comment_status":"closed","ping_status":"closed","sticky":false,"template":"","format":"standard","meta":{"footnotes":""},"categories":[131],"tags":[],"class_list":["post-39761","post","type-post","status-publish","format-standard","has-post-thumbnail","hentry","category-sense-categoria"],"_links":{"self":[{"href":"https:\/\/blog.ghthotels.com\/ca\/wp-json\/wp\/v2\/posts\/39761","targetHints":{"allow":["GET"]}}],"collection":[{"href":"https:\/\/blog.ghthotels.com\/ca\/wp-json\/wp\/v2\/posts"}],"about":[{"href":"https:\/\/blog.ghthotels.com\/ca\/wp-json\/wp\/v2\/types\/post"}],"author":[{"embeddable":true,"href":"https:\/\/blog.ghthotels.com\/ca\/wp-json\/wp\/v2\/users\/1"}],"replies":[{"embeddable":true,"href":"https:\/\/blog.ghthotels.com\/ca\/wp-json\/wp\/v2\/comments?post=39761"}],"version-history":[{"count":3,"href":"https:\/\/blog.ghthotels.com\/ca\/wp-json\/wp\/v2\/posts\/39761\/revisions"}],"predecessor-version":[{"id":39764,"href":"https:\/\/blog.ghthotels.com\/ca\/wp-json\/wp\/v2\/posts\/39761\/revisions\/39764"}],"wp:featuredmedia":[{"embeddable":true,"href":"https:\/\/blog.ghthotels.com\/ca\/wp-json\/wp\/v2\/media\/35917"}],"wp:attachment":[{"href":"https:\/\/blog.ghthotels.com\/ca\/wp-json\/wp\/v2\/media?parent=39761"}],"wp:term":[{"taxonomy":"category","embeddable":true,"href":"https:\/\/blog.ghthotels.com\/ca\/wp-json\/wp\/v2\/categories?post=39761"},{"taxonomy":"post_tag","embeddable":true,"href":"https:\/\/blog.ghthotels.com\/ca\/wp-json\/wp\/v2\/tags?post=39761"}],"curies":[{"name":"wp","href":"https:\/\/api.w.org\/{rel}","templated":true}]}}