{"id":39605,"date":"2019-12-10T10:39:45","date_gmt":"2019-12-10T10:39:45","guid":{"rendered":"https:\/\/blog.ghthotels.com\/costa-de-pau-les-platges-i-cales-mes-tranquilles-de-la-costa-brava\/"},"modified":"2025-06-02T08:33:30","modified_gmt":"2025-06-02T08:33:30","slug":"costa-de-pau-les-platges-i-cales-mes-tranquilles-de-la-costa-brava","status":"publish","type":"post","link":"https:\/\/blog.ghthotels.com\/ca\/costa-de-pau-les-platges-i-cales-mes-tranquilles-de-la-costa-brava\/","title":{"rendered":"Costa de pau: les platges i cales m\u00e9s tranquil\u00b7les de la Costa Brava."},"content":{"rendered":"<p>[vc_row css=&#8221;.vc_custom_1457788581707{margin-right: 0px !important;margin-bottom: 0px !important;margin-left: 0px !important;}&#8221;][vc_column css=&#8221;.vc_custom_1457789015745{padding-top: 33px !important;padding-right: 42px !important;}&#8221;][vc_column_text]<\/p>\n<p style=\"text-align: justify;\">El Nadal comporta un missatge d&#8217;alegria i, sobretot, de pau universal. Per\u00f2 tamb\u00e9 porta els retrobaments familiars, els compromisos socials, els dinars, els sopars i les compres d&#8217;\u00faltima hora que acaben produint m\u00e9s estr\u00e8s i ansietat que res m\u00e9s. <\/p>\n<p style=\"text-align: justify;\">Hem seleccionat algunes platges i cales de la Costa Brava plenes de pau i tranquil\u00b7litat que et poden ajudar a recarregar les piles ia fer que portis millor el cansament f\u00edsic i mental que sol anar de la m\u00e0 d&#8217;aquestes festes.<\/p>\n<p>[\/vc_column_text][vc_column_text]<\/p>\n<h3 style=\"text-align: justify;\"><strong><b>Platja de la Fonollera (Torroella de Montgr\u00ed).<\/b><\/strong><\/h3>\n<p style=\"text-align: justify;\">Al municipi de Torroella de Montgr\u00ed trobar\u00e0s un dels racons m\u00e9s tranquils de la Costa Brava: la Platja de la Fonollera tamb\u00e9 coneguda com a Gola del Ter.<\/p>\n<p style=\"text-align: justify;\">Aquesta platja \u00e9s una zona de gran inter\u00e8s natural on desemboca el riu Ter formant diverses llacunes.<\/p>\n<p style=\"text-align: justify;\">\u00c9s molt allargada (compta amb, ni m\u00e9s ni menys, 1300 metres de longitud), les seves aig\u00fces s\u00f3n profundes i la seva sorra \u00e9s fina i daurada.<\/p>\n<p style=\"text-align: justify;\">Visita aquest lloc id\u00edl\u00b7lic poc freq\u00fcentat i amb pocs habitatges al voltant on les albes s\u00f3n impressionants i les vistes a les Illes Medes s\u00f3n encara molt millor.<\/p>\n<p>[\/vc_column_text][vc_single_image image=&#8221;36269&#8243; img_size=&#8221;full&#8221;][\/vc_column][\/vc_row][vc_row css=&#8221;.vc_custom_1457788607747{margin-right: 0px !important;margin-bottom: 0px !important;margin-left: 0px !important;}&#8221;][vc_column css=&#8221;.vc_custom_1575031543900{background-position: center !important;background-repeat: no-repeat !important;background-size: cover !important;}&#8221;][vc_column_text]<\/p>\n<h3 style=\"text-align: justify;\"><strong>Cala Estreta (Palam\u00f3s).<\/strong><\/h3>\n<p style=\"text-align: justify;\">Caminant aproximadament mitja hora des de la platja des Castell i agafant el cam\u00ed de ronda cap al nord direcci\u00f3 Cap Roig, arribar\u00e0s a la Cala Estreta.<\/p>\n<p style=\"text-align: justify;\">Aquesta rec\u00f2ndita platja verge envoltada de penya-segats est\u00e0 marcada per dos sortints rocosos molt visibles. Un \u00e9s \u201cLa Roja\u201d que divideix la platja en dos. Seguint l&#8217;altre sortint anir\u00e0s a parar a la Cala d&#8217;en Remend\u00f3n des d&#8217;on podr\u00e0s veure uns illots que per la seva forma recorden un drac adormit.  <\/p>\n<p style=\"text-align: justify;\">Molt a prop d&#8217;aqu\u00ed apreciar\u00e0s un petit arxip\u00e8lag anomenat Illes Formigues, quatre roques sense vegetaci\u00f3 que queden cobertes totalment pel mar cada vegada que puja la marea.<\/p>\n<p style=\"text-align: justify;\">Descobreix aquest bonic entorn natural ideal per relaxar-te lluny del bullici nadalenc tan propi de la ciutat.<\/p>\n<p>[\/vc_column_text][vc_single_image image=&#8221;36285&#8243; img_size=&#8221;full&#8221;][\/vc_column][\/vc_row][vc_row css=&#8221;.vc_custom_1457788581707{margin-right: 0px !important;margin-bottom: 0px !important;margin-left: 0px !important;}&#8221;][vc_column css=&#8221;.vc_custom_1457789015745{padding-top: 33px !important;padding-right: 42px !important;}&#8221;][vc_column_text]<\/p>\n<h3 style=\"text-align: justify;\"><strong>Cala dels Frares (Lloret de Mar).<\/strong><\/h3>\n<p style=\"text-align: justify;\">Si hi ha una cala perfecta on et pots perdre per sentir-te en un altre m\u00f3n, aquesta \u00e9s la Cala del Frares.<\/p>\n<p style=\"text-align: justify;\">Est\u00e0 situada als peus d&#8217;un penya-segat i per accedir-hi cal rec\u00f3rrer el cam\u00ed de ronda que comen\u00e7a a la platja de Lloret i travessa Sa Caleta.<\/p>\n<p style=\"text-align: justify;\">\u00c9s una cala sense serveis i de dif\u00edcil acc\u00e9s de manera que l&#8217;aflu\u00e8ncia de p\u00fablic \u00e9s m\u00ednima ja sigui primavera, estiu, tardor o hivern. Aix\u00ed que si t&#8217;enamores d&#8217;aquest lloc, es pot convertir al teu rac\u00f3 de calma en qualsevol \u00e8poca de l&#8217;any. <\/p>\n<p style=\"text-align: justify;\">Deixa&#8217;t sorprendre per un conjunt roc\u00f3s amb formes especialment particulars que sorgeixen del mar. Un cop m\u00e9s la Costa Brava et brinda l&#8217;oportunitat de captar <a href=\"https:\/\/blog.ghthotels.com\/ca\/els-6-llocs-de-la-costa-brava-que-no-poden-faltar-al-teu-instagram\/\">un dels llocs m\u00e9s bonics que no poden faltar al teu Instagram<\/a> . <\/p>\n<p>[\/vc_column_text][vc_single_image image=&#8221;36273&#8243; img_size=&#8221;full&#8221;][\/vc_column][\/vc_row][vc_row css=&#8221;.vc_custom_1457788607747{margin-right: 0px !important;margin-bottom: 0px !important;margin-left: 0px !important;}&#8221;][vc_column css=&#8221;.vc_custom_1575031456468{padding-bottom: 20px !important;}&#8221; offset=&#8221;vc_col-lg-offset-0&#8243;][vc_column_text]<\/p>\n<h3 style=\"text-align: justify;\"><strong>Cala Maset (Sant Feliu de Gu\u00edxols).<\/strong><\/h3>\n<p style=\"text-align: justify;\">A trav\u00e9s del cam\u00ed de ronda que uneix la Platja de Sant Pol amb Sant Feliu de Gu\u00edxols, estar\u00e0s molt a prop d&#8217;una petita cala gaireb\u00e9 paradis\u00edaca, la Cala Maset.<\/p>\n<p style=\"text-align: justify;\">Per poder arribar a la cala haur\u00e0s de baixar per unes escales for\u00e7a costerudes que hi ha al costat de la carretera. Aquestes indicacions les veur\u00e0s en un cartell que trobar\u00e0s a un tram del cam\u00ed. <\/p>\n<p style=\"text-align: justify;\">Un cop hagis arribat, comprovar\u00e0s que ets en un lloc petit d&#8217;uns 25 metres de longitud per 15 metres d&#8217;amplada on la sorra \u00e9s rosada i on abunda la vegetaci\u00f3, la majoria pins i alzines.<\/p>\n<p style=\"text-align: justify;\">Tant pels nens com pels adults la Cala Maset \u00e9s tot un encert. Pels m\u00e9s petits perqu\u00e8 en \u00e8poca de bany l&#8217;entrada al mar \u00e9s poc profunda i pels adults perqu\u00e8 \u00e9s una bona elecci\u00f3 per trobar tranquil\u00b7litat i descans. <\/p>\n<p>[\/vc_column_text][vc_single_image image=&#8221;36277&#8243; img_size=&#8221;full&#8221;][\/vc_column][\/vc_row][vc_row css=&#8221;.vc_custom_1457788607747{margin-right: 0px !important;margin-bottom: 0px !important;margin-left: 0px !important;}&#8221;][vc_column css=&#8221;.vc_custom_1575031456468{padding-bottom: 20px !important;}&#8221; offset=&#8221;vc_col-lg-offset-0&#8243;][vc_column_text]<\/p>\n<h3 style=\"text-align: justify;\"><strong>Cala Rustella (Roses).<\/strong><\/h3>\n<p style=\"text-align: justify;\">Situada al Parc Natural del Cap del Creus, cala Rustella, \u00e9s una de les cales m\u00e9s boniques i poc conegudes de la Costa Brava.<\/p>\n<p style=\"text-align: justify;\">Haur\u00e0s de fer un descens de gaireb\u00e9 90 metres i trigar\u00e0s entre 15-20 minuts a completar-lo.<br \/>\n \u00c9s una cosa dif\u00edcil perqu\u00e8 el terreny \u00e9s for\u00e7a costerut per\u00f2 pensa que aquest esfor\u00e7 s&#8217;anir\u00e0 veient recompensat a mesura que baixis ja que les vistes fins arribar a la cala s\u00f3n incre\u00efbles.<\/p>\n<p style=\"text-align: justify;\">Un cop a baix tindr\u00e0s davant teu un espai petit d&#8217;aig\u00fces turqueses envoltat d&#8217;exuberants pins. Un preci\u00f3s paisatge per fondre&#8217;t i omplir-te de l&#8217;energia que transmet la naturalesa de la nostra costa. <\/p>\n<p>[\/vc_column_text][vc_single_image image=&#8221;36281&#8243; img_size=&#8221;full&#8221;][\/vc_column][\/vc_row][vc_row css=&#8221;.vc_custom_1457788607747{margin-right: 0px !important;margin-bottom: 0px !important;margin-left: 0px !important;}&#8221;][vc_column css=&#8221;.vc_custom_1531903590791{background-position: center !important;background-repeat: no-repeat !important;background-size: cover !important;}&#8221;][vc_column_text]<\/p>\n<p style=\"text-align: justify;\">No \u00e9s f\u00e0cil arribar a aquests llocs de qu\u00e8 t&#8217;hem parlat per\u00f2 t&#8217;assegurem que quan els pisos t&#8217;envair\u00e0 una gran sensaci\u00f3 del calma i harmonia. Relaxa&#8217;t, centra&#8217;t i despr\u00e9s\u2026 continua gaudint del Nadal! <\/p>\n<p>[\/vc_column_text][\/vc_column][\/vc_row]<\/p>\n","protected":false},"excerpt":{"rendered":"<p>El Nadal comporta un missatge d&#8217;alegria i, sobretot, de pau universal. Per\u00f2 tamb\u00e9 porta els retrobaments familiars, els compromisos socials, els dinars, els sopars i les compres d&#8217;\u00faltima hora que acaben produint m\u00e9s estr\u00e8s i ansietat que res m\u00e9s. Hem seleccionat algunes platges i cales de la Costa Brava plenes de pau i tranquil\u00b7litat que et poden ajudar a recarregar les piles ia fer que portis millor el cansament f\u00edsic i mental que sol anar de la m\u00e0 d&#8217;aquestes festes.  <\/p>\n","protected":false},"author":1,"featured_media":36289,"comment_status":"closed","ping_status":"closed","sticky":false,"template":"","format":"standard","meta":{"footnotes":""},"categories":[131],"tags":[],"class_list":["post-39605","post","type-post","status-publish","format-standard","has-post-thumbnail","hentry","category-sense-categoria"],"_links":{"self":[{"href":"https:\/\/blog.ghthotels.com\/ca\/wp-json\/wp\/v2\/posts\/39605","targetHints":{"allow":["GET"]}}],"collection":[{"href":"https:\/\/blog.ghthotels.com\/ca\/wp-json\/wp\/v2\/posts"}],"about":[{"href":"https:\/\/blog.ghthotels.com\/ca\/wp-json\/wp\/v2\/types\/post"}],"author":[{"embeddable":true,"href":"https:\/\/blog.ghthotels.com\/ca\/wp-json\/wp\/v2\/users\/1"}],"replies":[{"embeddable":true,"href":"https:\/\/blog.ghthotels.com\/ca\/wp-json\/wp\/v2\/comments?post=39605"}],"version-history":[{"count":5,"href":"https:\/\/blog.ghthotels.com\/ca\/wp-json\/wp\/v2\/posts\/39605\/revisions"}],"predecessor-version":[{"id":40135,"href":"https:\/\/blog.ghthotels.com\/ca\/wp-json\/wp\/v2\/posts\/39605\/revisions\/40135"}],"wp:featuredmedia":[{"embeddable":true,"href":"https:\/\/blog.ghthotels.com\/ca\/wp-json\/wp\/v2\/media\/36289"}],"wp:attachment":[{"href":"https:\/\/blog.ghthotels.com\/ca\/wp-json\/wp\/v2\/media?parent=39605"}],"wp:term":[{"taxonomy":"category","embeddable":true,"href":"https:\/\/blog.ghthotels.com\/ca\/wp-json\/wp\/v2\/categories?post=39605"},{"taxonomy":"post_tag","embeddable":true,"href":"https:\/\/blog.ghthotels.com\/ca\/wp-json\/wp\/v2\/tags?post=39605"}],"curies":[{"name":"wp","href":"https:\/\/api.w.org\/{rel}","templated":true}]}}