{"id":39559,"date":"2018-03-29T09:45:13","date_gmt":"2018-03-29T09:45:13","guid":{"rendered":"https:\/\/blog.ghthotels.com\/miradors-de-la-costa-brava-a-prop-platja-daro\/"},"modified":"2025-03-11T12:12:18","modified_gmt":"2025-03-11T12:12:18","slug":"miradors-de-la-costa-brava-a-prop-platja-daro","status":"publish","type":"post","link":"https:\/\/blog.ghthotels.com\/ca\/miradors-de-la-costa-brava-a-prop-platja-daro\/","title":{"rendered":"Miradors de la Costa Brava a prop Platja d&#8217;Aro"},"content":{"rendered":"<p>[vc_row][vc_column][vc_column_text]<span style=\"font-weight: 400;\">Pel seu terreny escarpat i on abunden els desnivells, la Costa Brava ofereix una gran varietat de miradors: elevats, a peu de mar, c\u00e8ntrics, \u00edntims\u2026 El viatger que gaudeixi fent fotos de paisatges trobar\u00e0 a la Costa Brava el seu parad\u00eds particular.<\/span><\/p>\n<p><span style=\"font-weight: 400;\">I ja que l&#8217;abund\u00e0ncia de miradors pot resultar aclaparadora al llarg de tota la costa, anirem per parts. Al post d&#8217;avui ens centrarem a detectar les millors miradors de la zona del Baix Empord\u00e0 i rodalies. Si t&#8217;allotges als hotels GHT S&#8217;Agar\u00f3 Mar o el GHT Xaloc, ubicats a Sant Feliu de Gu\u00edxols i Platja d&#8217;Aro, respectivament, aquest post va per tu!    <\/span>[\/vc_column_text][vc_column_text]<\/p>\n<h3><b>Mirador del Cap de Creus, Cadaqu\u00e9s<\/b><\/h3>\n<p><span style=\"font-weight: 400;\">El seu gran encant \u00e9s tamb\u00e9 el seu<\/span> <i><span style=\"font-weight: 400;\">handicap<\/span><\/i><span style=\"font-weight: 400;\">: Cadaqu\u00e9s \u00e9s lluny de tot. Tot i aix\u00f2, un no pot viure la costa sense visitar aquesta localitat de l&#8217;Alt Empord\u00e0. Arribar fins al far del Cap de Creus \u00e9s la millor manera de fer-ho! Ens trobarem amb un mirador cl\u00e0ssic, el t\u00edpic balc\u00f3 amb vistes al mar des del qual es contemplen el Cap Norfeu, Cadaqu\u00e9s, El Pen\u00ed, Cala Fredosa, Cala Jugadora\u2026 i unes postes de sol color vermell-no-vull-anar-me-d&#8217;aqu\u00ed que no s&#8217;obliden f\u00e0cilment.   <\/span>[\/vc_column_text][\/vc_column][\/vc_row][vc_row full_width=&#8221;stretch_row&#8221;][vc_column][vc_single_image image=&#8221;34949&#8243; img_size=&#8221;full&#8221; alignment=&#8221;center&#8221;][\/vc_column][\/vc_row][vc_row css=&#8221;.vc_custom_1457788581707{margin-right: 0px !important;margin-bottom: 0px !important;margin-left: 0px !important;}&#8221;][vc_column css=&#8221;.vc_custom_1457789015745{padding-top: 33px !important;padding-right: 42px !important;}&#8221;][vc_column_text]<\/p>\n<h3><\/h3>\n<h3>Punta del Molinet, Estartit<\/h3>\n<p><span style=\"font-weight: 400;\">A la localitat de l&#8217;Estartit hi ha les Illes Medes, un dels paisatges m\u00e9s sorprenents de la Costa Brava, declarat ZEPM (zona especialment protegida d&#8217;import\u00e0ncia per a la Mediterr\u00e0nia). Punta del Molinet \u00e9s el mirador perfecte per contemplar-lo a la seva plenitud. M\u00e9s enll\u00e0 del passeig mar\u00edtim i del port de l&#8217;Estartit, recorrent un agradable tram enganxat al mar, hi ha la roca del Molinet, el punt de terra ferm m\u00e9s proper a les Medes. En aquest moment, sobren les paraules.     <\/span>[\/vc_column_text][vc_column_text]<\/p>\n<h3><b>Far de Sant Sebasti\u00e0, Palafrugell<\/b><\/h3>\n<p><span style=\"font-weight: 400;\">A la zona oriental de la localitat de Palafrugell, al capdamunt d&#8217;una muntanya que separa els pobles costaners de Llafranc i Tamariu, hi ha el Far de Sant Sebasti\u00e0. Constru\u00eft en una terrassa elevada 169 metres sobre el nivell del mar, \u00e9s un dels miradors (en catal\u00e0 conegut com a \u201cmirador de l&#8217;hostalatge\u201d) de refer\u00e8ncia de la zona, a m\u00e9s d&#8217;un conjunt arquitect\u00f2nic molt interessant. Avisem: des d&#8217;aqu\u00ed les sortides de sol s\u00f3n hipn\u00f2tiques.  <\/span>[\/vc_column_text][vc_single_image image=&#8221;34953&#8243; img_size=&#8221;full&#8221; alignment=&#8221;center&#8221;][\/vc_column][\/vc_row][vc_row css=&#8221;.vc_custom_1457788581707{margin-right: 0px !important;margin-bottom: 0px !important;margin-left: 0px !important;}&#8221;][vc_column css=&#8221;.vc_custom_1457789015745{padding-top: 33px !important;padding-right: 42px !important;}&#8221;][vc_column_text]<\/p>\n<h3><\/h3>\n<h3>Castell de Begur, Begur<\/h3>\n<p><span style=\"font-weight: 400;\">Molts visitants coincideixen a afirmar que el Castell de Begur, constru\u00eft al segle XI per ordre d&#8217;Arnust de Begur, ofereix una de les vistes m\u00e9s belles de la Costa Brava. Un dels punts m\u00e9s caracter\u00edstics del mirador \u00e9s el seu car\u00e0cter urb\u00e0, ja que est\u00e0 situat al centre del poble. El viatger que s&#8217;animi a visitar-lo podreu veure les illes Medes, Sa Riera, el Canig\u00f3, la desembocadura del riu Ter, el cap de Creus\u2026 Una experi\u00e8ncia excepcional.  <\/span><\/p>\n<p>[\/vc_column_text][vc_column_text]<\/p>\n<h3><\/h3>\n<h3><b>Ermita de Sant Elm, Sant Feliu de Gu\u00edxols<\/b><\/h3>\n<p><span style=\"font-weight: 400;\">Davant l\u00b4esplanada de l\u00b4ermita de Sant Elm, a Sant Feliu de Gu\u00edxols, el viatger pot gaudir d\u00b4una les vistes m\u00e9s espectaculars del lloc. \u00c9s un mirador tan obert al mar que permet gaudir de dues vistes: direcci\u00f3 nord, una perspectiva del tram entre Tossa de Mar i Palam\u00f3s; i sud, una vista d&#8217;ocell de la platja de Sant Feliu de Gu\u00edxols. T&#8217;ho perdr\u00e0s estant tan a prop?  <\/span>[\/vc_column_text][\/vc_column][\/vc_row]<\/p>\n","protected":false},"excerpt":{"rendered":"<p>Lorem Ipsum. Proin grava nibh vel velit auctor aliquet. Aenean sol\u00b7licitudin, lorem quis bibendum auctor, nisi elit consequat ipsum, nec sagittis sem nibh id elit.  <\/p>\n","protected":false},"author":1,"featured_media":34945,"comment_status":"closed","ping_status":"closed","sticky":false,"template":"","format":"standard","meta":{"footnotes":""},"categories":[131],"tags":[144,145,146],"class_list":["post-39559","post","type-post","status-publish","format-standard","has-post-thumbnail","hentry","category-sense-categoria","tag-mountains-demo","tag-nature-demo","tag-travelling-demo"],"_links":{"self":[{"href":"https:\/\/blog.ghthotels.com\/ca\/wp-json\/wp\/v2\/posts\/39559","targetHints":{"allow":["GET"]}}],"collection":[{"href":"https:\/\/blog.ghthotels.com\/ca\/wp-json\/wp\/v2\/posts"}],"about":[{"href":"https:\/\/blog.ghthotels.com\/ca\/wp-json\/wp\/v2\/types\/post"}],"author":[{"embeddable":true,"href":"https:\/\/blog.ghthotels.com\/ca\/wp-json\/wp\/v2\/users\/1"}],"replies":[{"embeddable":true,"href":"https:\/\/blog.ghthotels.com\/ca\/wp-json\/wp\/v2\/comments?post=39559"}],"version-history":[{"count":5,"href":"https:\/\/blog.ghthotels.com\/ca\/wp-json\/wp\/v2\/posts\/39559\/revisions"}],"predecessor-version":[{"id":39574,"href":"https:\/\/blog.ghthotels.com\/ca\/wp-json\/wp\/v2\/posts\/39559\/revisions\/39574"}],"wp:featuredmedia":[{"embeddable":true,"href":"https:\/\/blog.ghthotels.com\/ca\/wp-json\/wp\/v2\/media\/34945"}],"wp:attachment":[{"href":"https:\/\/blog.ghthotels.com\/ca\/wp-json\/wp\/v2\/media?parent=39559"}],"wp:term":[{"taxonomy":"category","embeddable":true,"href":"https:\/\/blog.ghthotels.com\/ca\/wp-json\/wp\/v2\/categories?post=39559"},{"taxonomy":"post_tag","embeddable":true,"href":"https:\/\/blog.ghthotels.com\/ca\/wp-json\/wp\/v2\/tags?post=39559"}],"curies":[{"name":"wp","href":"https:\/\/api.w.org\/{rel}","templated":true}]}}