{"id":39527,"date":"2020-03-27T10:13:23","date_gmt":"2020-03-27T10:13:23","guid":{"rendered":"https:\/\/blog.ghthotels.com\/monells-un-poble-amb-8-cognoms-catalans\/"},"modified":"2025-03-11T10:46:17","modified_gmt":"2025-03-11T10:46:17","slug":"monells-un-poble-amb-8-cognoms-catalans","status":"publish","type":"post","link":"https:\/\/blog.ghthotels.com\/ca\/monells-un-poble-amb-8-cognoms-catalans\/","title":{"rendered":"Monells, un poble amb 8 cognoms catalans"},"content":{"rendered":"<p>[vc_row][vc_column][vc_column_text]No hi ha cap altra poblaci\u00f3 a la Costa Brava que pugui dir que ha aconseguit fer-se tan famosa per ser el lloc escollit per rodar una de les pel\u00b7l\u00edcules m\u00e9s taquilleres del cinema espanyol. Saps a quina pel\u00b7l\u00edcula ia quin poble ens referim? <\/p>\n<p>&nbsp;<\/p>\n<p>&nbsp;<\/p>\n<h2><strong>A la gran pantalla: &#8220;8 cognoms catalans&#8221;<\/strong><\/h2>\n<p><strong> <\/strong><\/p>\n<p>Bingo! La pel\u00b7l\u00edcula \u00e9s <em>8 cognoms catalans<\/em> i el poble \u00e9s <strong>Monells<\/strong> . <\/p>\n<p>&nbsp;<\/p>\n<p>El director de cinema, Emilio Mart\u00ednez-L\u00e1zaro, va escollir aquest petit municipi que pertany al Baix Empord\u00e0 per gravar moltes escenes d&#8217;aquesta com\u00e8dia.<\/p>\n<p>&nbsp;<\/p>\n<p>A la cinta apareix la <strong>pla\u00e7a Jaume I<\/strong> com una de les ubicacions protagonistes. En ella, es van reunir els actors i els extres per explicar la hist\u00f2ria, es van donar pregons i es van formar <em>castells<\/em> . Precisament, una de les escenes m\u00e9s divertides passa quan Rafa (Dani Rovira) puja a una d&#8217;aquestes torres humanes, t\u00edpiques de la comarca, per impressionar Amaia (Clara Llac).  <\/p>\n<p>&nbsp;<\/p>\n<p>Tamb\u00e9 surten porxos, cases i pintorescos bars.[\/vc_column_text][\/vc_column][\/vc_row][vc_row][vc_column][vc_single_image image=&#8221;36541&#8243; img_size=&#8221;large&#8221; alignment=&#8221;center&#8221;][\/vc_column][\/vc_row][vc_row][vc_column][vc_column_text]<\/p>\n<h3><strong>Medieval i amb molt d&#8217;encant<\/strong><\/h3>\n<p><strong> <\/strong><\/p>\n<p>La vila, que pertany al terme municipal de <strong>Cru\u00eflles, Monells i Sant Sadurn\u00ed de l&#8217;Heura<\/strong> , \u00e9s declarada Patrimoni Cultural Europeu i destaca per la seva bellesa arquitect\u00f2nica, mostra d&#8217;un passat clarament medieval.<\/p>\n<p>&nbsp;<\/p>\n<p>Els primers documents que parlen de l\u00b4exist\u00e8ncia de Monells daten del s. X. S&#8217;hi fa al\u00b7lusi\u00f3 a l&#8217;edificaci\u00f3 del castell dels vescomtes de Bas del qual avui es conserven \u00fanicament les muralles. <\/p>\n<p>&nbsp;<\/p>\n<p>Respecte a la proced\u00e8ncia del seu nom, es pensa que troba el seu origen als molins que antigament se situaven al llarg de la llera del <strong>riu Rissec<\/strong> , el qual transcorre pel centre del poble.<\/p>\n<p>&nbsp;<\/p>\n<p>\u00c9s una del\u00edcia tenir l&#8217;oportunitat de perdre&#8217;s entre els carrers mentre es contemplen els seus racons sorprenents.<\/p>\n<p>[\/vc_column_text][\/vc_column][\/vc_row][vc_row][vc_column][vc_single_image image=&#8221;36549&#8243; img_size=&#8221;large&#8221; alignment=&#8221;center&#8221;][\/vc_column][\/vc_row][vc_row][vc_column][vc_column_text]<\/p>\n<h3><strong>El recorregut<\/strong><\/h3>\n<p>&nbsp;<\/p>\n<p>Comencem l&#8217;itinerari a <strong>la pla\u00e7a Jaume I<\/strong> , on criden l&#8217;atenci\u00f3 els amplis i imponents arcs decorats amb boniques enfiladisses. \u00c9s un espai de planta irregular amb porxo a tres dels seus quatre costats. Els edificis de pedra que s&#8217;aixequen aqu\u00ed es caracteritzen per ser un o dos pisos. \u00c9s justament en aquest punt on es va ubicar, al segle XVII, un mercat que va ser dels m\u00e9s importants a la Catalunya de l&#8217;\u00e8poca.   <\/p>\n<p>&nbsp;<\/p>\n<p>Una altra de les parades de rigor la trobarem al <strong>barri de la Riera<\/strong> . Parlem de l&#8217; <strong>esgl\u00e9sia de Sant Gen\u00eds<\/strong> de qu\u00e8 es t\u00e9 const\u00e0ncia des del segle XI. \u00c9s una construcci\u00f3 de grans dimensions que va ser reformada en diverses etapes. Consta d\u00b4una nau amb capelles laterals, cap\u00e7alera poligonal, sostre a dos vessants i un campanar.   <\/p>\n<p>&nbsp;<\/p>\n<h3><strong>L&#8217;ermita de Sant Joan de Salelles<\/strong><\/h3>\n<p>&nbsp;<\/p>\n<p>Durant el passeig per la zona, \u00e9s inevitable topar amb una ermita edificada entre els segles X i XI. Es tracta de l&#8217;ermita de <strong>Sant Joan de Salelles<\/strong> . Tot i pert\u00e0nyer al primer rom\u00e0nic, es conserva en molt bon estat.  <\/p>\n<p>&nbsp;<\/p>\n<p>A mesura que es recorren els carrers de Monells, es van descobrint carrerons tan singulars com el <strong>carrer dels Arcs<\/strong> : un exemple de via estreta pr\u00f2pia de l&#8217;Edat Mitjana i que es diferencia pels arcs que la marquen a la part superior.<\/p>\n<p>&nbsp;<\/p>\n<p>Per acabar, no volem oblidar-nos d&#8217;una pla\u00e7a porxada una mica m\u00e9s redu\u00efda que la pla\u00e7a Jaume I que es localitza a la part oriental del llogaret: la <strong>pla\u00e7a de l&#8217;Oli<\/strong> .[\/vc_column_text][\/vc_column][\/vc_row][vc_row][vc_column][vc_single_image image=&#8221;36545&#8243; img_size=&#8221;large&#8221; alignment=&#8221;center&#8221;][\/vc_column][\/vc_row][vc_row][vc_column][vc_column_text]A m\u00e9s de Monells, a la costa catalana hi ha altres sorprenents pobles que s\u00f3n a tan sols 2 hores de Barcelona i que no tenen malbaratament. Esperem que aviat els pugueu anar a visitar. De moment, ja saps, queda&#8217;t a casa.[\/vc_column_text][\/vc_column][\/vc_row][vc_row][vc_column][vc_column_text]<a href=\"https:\/\/blog.ghthotels.com\/ca\/6-sorprenents-pobles-a-tan-sols-2-hores-de-barcelona\/\">Descobreix altres sorprenents pobles que s\u00f3n a tan sols 2 hores de Barcelona!<\/a><\/p>\n<p>[\/vc_column_text][\/vc_column][\/vc_row]<\/p>\n","protected":false},"excerpt":{"rendered":"<p>No hi ha cap altra poblaci\u00f3 a la Costa Brava que pugui dir que ha aconseguit fer-se tan famosa per ser el lloc escollit per rodar una de les pel\u00b7l\u00edcules m\u00e9s taquilleres del cinema espanyol. Saps a quina pel\u00b7l\u00edcula ia quin poble ens referim? <\/p>\n","protected":false},"author":1,"featured_media":36541,"comment_status":"closed","ping_status":"closed","sticky":false,"template":"","format":"standard","meta":{"footnotes":""},"categories":[132,134,133],"tags":[],"class_list":["post-39527","post","type-post","status-publish","format-standard","has-post-thumbnail","hentry","category-pobles-costa-brava","category-que-fer-a-la-costa-brava","category-que-veure-a-la-costa-brava"],"_links":{"self":[{"href":"https:\/\/blog.ghthotels.com\/ca\/wp-json\/wp\/v2\/posts\/39527","targetHints":{"allow":["GET"]}}],"collection":[{"href":"https:\/\/blog.ghthotels.com\/ca\/wp-json\/wp\/v2\/posts"}],"about":[{"href":"https:\/\/blog.ghthotels.com\/ca\/wp-json\/wp\/v2\/types\/post"}],"author":[{"embeddable":true,"href":"https:\/\/blog.ghthotels.com\/ca\/wp-json\/wp\/v2\/users\/1"}],"replies":[{"embeddable":true,"href":"https:\/\/blog.ghthotels.com\/ca\/wp-json\/wp\/v2\/comments?post=39527"}],"version-history":[{"count":3,"href":"https:\/\/blog.ghthotels.com\/ca\/wp-json\/wp\/v2\/posts\/39527\/revisions"}],"predecessor-version":[{"id":39530,"href":"https:\/\/blog.ghthotels.com\/ca\/wp-json\/wp\/v2\/posts\/39527\/revisions\/39530"}],"wp:featuredmedia":[{"embeddable":true,"href":"https:\/\/blog.ghthotels.com\/ca\/wp-json\/wp\/v2\/media\/36541"}],"wp:attachment":[{"href":"https:\/\/blog.ghthotels.com\/ca\/wp-json\/wp\/v2\/media?parent=39527"}],"wp:term":[{"taxonomy":"category","embeddable":true,"href":"https:\/\/blog.ghthotels.com\/ca\/wp-json\/wp\/v2\/categories?post=39527"},{"taxonomy":"post_tag","embeddable":true,"href":"https:\/\/blog.ghthotels.com\/ca\/wp-json\/wp\/v2\/tags?post=39527"}],"curies":[{"name":"wp","href":"https:\/\/api.w.org\/{rel}","templated":true}]}}